{"id":125,"date":"2019-03-10T18:12:17","date_gmt":"2019-03-10T17:12:17","guid":{"rendered":"http:\/\/thomasrotter.de\/?p=125"},"modified":"2019-03-10T18:12:18","modified_gmt":"2019-03-10T17:12:18","slug":"radiofeature-im-frs","status":"publish","type":"post","link":"http:\/\/thomasrotter.de\/index.php\/2019\/03\/10\/radiofeature-im-frs\/","title":{"rendered":"Radiofeature im FRS"},"content":{"rendered":"\n<p>Am 17.03.19 um 21:00 Uhr habe ich das Vergn\u00fcgen im <a rel=\"noreferrer noopener\" aria-label=\"Freien Radio Stuttgart (\u00f6ffnet in neuem Tab)\" href=\"https:\/\/www.freies-radio.de\/sendungsdetails\/201903172100\" target=\"_blank\">Freien Radio Stuttgart<\/a> zusammen mit Moderator Armin Fischer eine 2-st\u00fcndige Sendung zu gestalten. Freue mich darauf!<br><br>&#8222;Er hat mit bedeutenden Jazzmusikern\/innen spannende Sachen aufgenommen und nat\u00fcrlich auch gespielt. Der Dozent an der Fellbacher Musikschule bringt euch seine Lieblingsst\u00fccke zu Geh\u00f6r und erz\u00e4hlt ein bi\u00dfchen.&#8220;   <\/p>\n\n\n\n<div class=\"wp-block-image\"><figure class=\"alignleft\"><img loading=\"lazy\" decoding=\"async\" width=\"280\" height=\"136\" src=\"http:\/\/thomasrotter.de\/wp-content\/uploads\/radio_logo.gif\" alt=\"\" class=\"wp-image-127\"\/><\/figure><\/div>\n","protected":false},"excerpt":{"rendered":"<p>Am 17.03.19 um 21:00 Uhr habe ich das Vergn\u00fcgen im Freien Radio Stuttgart zusammen mit Moderator Armin Fischer eine 2-st\u00fcndige Sendung zu gestalten. Freue mich darauf! &#8222;Er hat mit bedeutenden Jazzmusikern\/innen spannende Sachen aufgenommen und nat\u00fcrlich auch gespielt. Der Dozent an der Fellbacher Musikschule bringt euch seine Lieblingsst\u00fccke zu Geh\u00f6r und erz\u00e4hlt ein bi\u00dfchen.&#8220;<\/p>\n","protected":false},"author":1,"featured_media":0,"comment_status":"open","ping_status":"open","sticky":false,"template":"","format":"standard","meta":{"footnotes":""},"categories":[1],"tags":[25,24,15],"class_list":["post-125","post","type-post","status-publish","format-standard","hentry","category-allgemein","tag-freies-radio-stuttgart","tag-frs","tag-thomas-rotter"],"_links":{"self":[{"href":"http:\/\/thomasrotter.de\/index.php\/wp-json\/wp\/v2\/posts\/125","targetHints":{"allow":["GET"]}}],"collection":[{"href":"http:\/\/thomasrotter.de\/index.php\/wp-json\/wp\/v2\/posts"}],"about":[{"href":"http:\/\/thomasrotter.de\/index.php\/wp-json\/wp\/v2\/types\/post"}],"author":[{"embeddable":true,"href":"http:\/\/thomasrotter.de\/index.php\/wp-json\/wp\/v2\/users\/1"}],"replies":[{"embeddable":true,"href":"http:\/\/thomasrotter.de\/index.php\/wp-json\/wp\/v2\/comments?post=125"}],"version-history":[{"count":3,"href":"http:\/\/thomasrotter.de\/index.php\/wp-json\/wp\/v2\/posts\/125\/revisions"}],"predecessor-version":[{"id":129,"href":"http:\/\/thomasrotter.de\/index.php\/wp-json\/wp\/v2\/posts\/125\/revisions\/129"}],"wp:attachment":[{"href":"http:\/\/thomasrotter.de\/index.php\/wp-json\/wp\/v2\/media?parent=125"}],"wp:term":[{"taxonomy":"category","embeddable":true,"href":"http:\/\/thomasrotter.de\/index.php\/wp-json\/wp\/v2\/categories?post=125"},{"taxonomy":"post_tag","embeddable":true,"href":"http:\/\/thomasrotter.de\/index.php\/wp-json\/wp\/v2\/tags?post=125"}],"curies":[{"name":"wp","href":"https:\/\/api.w.org\/{rel}","templated":true}]}}