{"id":172,"date":"2021-05-16T20:28:24","date_gmt":"2021-05-16T18:28:24","guid":{"rendered":"http:\/\/thomasrotter.de\/?p=172"},"modified":"2021-05-16T20:28:25","modified_gmt":"2021-05-16T18:28:25","slug":"john-patitucci-melodic-etudes","status":"publish","type":"post","link":"http:\/\/thomasrotter.de\/index.php\/2021\/05\/16\/john-patitucci-melodic-etudes\/","title":{"rendered":"John Patitucci Melodic Etudes"},"content":{"rendered":"\n<p>Momentan nutze ich den sogenannten &#8222;Lockdown&#8220; , um lang ersehnte Projekte zu verwirklichen.<br>Eines davon ist das Erarbeiten und Aufnehmen von ein paar ausgew\u00e4hlten <a href=\"https:\/\/www.carlfischer.com\/bf22-60+melodic+etudes.html\" target=\"_blank\" rel=\"noreferrer noopener\" aria-label=\"&quot;Melodic Etudes&quot; des Meisters John Patitucci. (\u00f6ffnet in neuem Tab)\">&#8222;Melodic Etudes&#8220; des Meisters John Patitucci.<\/a><\/p>\n\n\n\n<p class=\"has-text-align-left\"><img loading=\"lazy\" decoding=\"async\" width=\"150\" height=\"150\" class=\"wp-image-173\" style=\"width: 150px;\" src=\"http:\/\/thomasrotter.de\/wp-content\/uploads\/jp-60-etudes.jpg\" alt=\"\" srcset=\"http:\/\/thomasrotter.de\/wp-content\/uploads\/jp-60-etudes.jpg 224w, http:\/\/thomasrotter.de\/wp-content\/uploads\/jp-60-etudes-150x150.jpg 150w, http:\/\/thomasrotter.de\/wp-content\/uploads\/jp-60-etudes-100x100.jpg 100w\" sizes=\"auto, (max-width: 150px) 100vw, 150px\" \/><br><br>Das 2005 im Carl Fischer Verlag erschienene Werk umfasst 60 melodische Et\u00fcden f\u00fcr E- und Kontrabass in allen Tonarten und Modi.<br>Die Et\u00fcde in E-Dur hat es mir besonders angetan, ich habe sie mal &#8222;probeweise&#8220; mit dem Akustik Bass aufgenommen, auf <a rel=\"noreferrer noopener\" aria-label=\"Soundcloud  (\u00f6ffnet in neuem Tab)\" href=\"https:\/\/soundcloud.com\/tomrotter\/john-patitucci-etudes-e-major\" target=\"_blank\">Soundcloud <\/a>kann man lauschen&#8230;<br>In jedem Fall wird sie ein Bestandteil meines geplanten Soloalbums sein, das hoffentlich noch dieses Jahr erscheinen wird.<\/p>\n","protected":false},"excerpt":{"rendered":"<p>Momentan nutze ich den sogenannten &#8222;Lockdown&#8220; , um lang ersehnte Projekte zu verwirklichen.Eines davon ist das Erarbeiten und Aufnehmen von ein paar ausgew\u00e4hlten &#8222;Melodic Etudes&#8220; des Meisters John Patitucci. Das 2005 im Carl Fischer Verlag erschienene Werk umfasst 60 melodische Et\u00fcden f\u00fcr E- und Kontrabass in allen Tonarten und Modi.Die Et\u00fcde in E-Dur hat es &hellip; <\/p>\n<p class=\"link-more\"><a href=\"http:\/\/thomasrotter.de\/index.php\/2021\/05\/16\/john-patitucci-melodic-etudes\/\" class=\"more-link\"><span class=\"screen-reader-text\">\u201eJohn Patitucci Melodic Etudes\u201c<\/span> weiterlesen<\/a><\/p>\n","protected":false},"author":1,"featured_media":0,"comment_status":"open","ping_status":"open","sticky":false,"template":"","format":"standard","meta":{"footnotes":""},"categories":[1],"tags":[44,46,45,43],"class_list":["post-172","post","type-post","status-publish","format-standard","hentry","category-allgemein","tag-60-melodic-etudes","tag-bass-soloalbum","tag-carl-fischer-verlag","tag-john-patitucci"],"_links":{"self":[{"href":"http:\/\/thomasrotter.de\/index.php\/wp-json\/wp\/v2\/posts\/172","targetHints":{"allow":["GET"]}}],"collection":[{"href":"http:\/\/thomasrotter.de\/index.php\/wp-json\/wp\/v2\/posts"}],"about":[{"href":"http:\/\/thomasrotter.de\/index.php\/wp-json\/wp\/v2\/types\/post"}],"author":[{"embeddable":true,"href":"http:\/\/thomasrotter.de\/index.php\/wp-json\/wp\/v2\/users\/1"}],"replies":[{"embeddable":true,"href":"http:\/\/thomasrotter.de\/index.php\/wp-json\/wp\/v2\/comments?post=172"}],"version-history":[{"count":4,"href":"http:\/\/thomasrotter.de\/index.php\/wp-json\/wp\/v2\/posts\/172\/revisions"}],"predecessor-version":[{"id":178,"href":"http:\/\/thomasrotter.de\/index.php\/wp-json\/wp\/v2\/posts\/172\/revisions\/178"}],"wp:attachment":[{"href":"http:\/\/thomasrotter.de\/index.php\/wp-json\/wp\/v2\/media?parent=172"}],"wp:term":[{"taxonomy":"category","embeddable":true,"href":"http:\/\/thomasrotter.de\/index.php\/wp-json\/wp\/v2\/categories?post=172"},{"taxonomy":"post_tag","embeddable":true,"href":"http:\/\/thomasrotter.de\/index.php\/wp-json\/wp\/v2\/tags?post=172"}],"curies":[{"name":"wp","href":"https:\/\/api.w.org\/{rel}","templated":true}]}}