{"id":216,"date":"2024-09-26T22:40:02","date_gmt":"2024-09-26T20:40:02","guid":{"rendered":"http:\/\/thomasrotter.de\/?p=216"},"modified":"2024-09-28T20:25:49","modified_gmt":"2024-09-28T18:25:49","slug":"jugend-musiziert-2024","status":"publish","type":"post","link":"http:\/\/thomasrotter.de\/index.php\/2024\/09\/26\/jugend-musiziert-2024\/","title":{"rendered":"Jugend musiziert 2024"},"content":{"rendered":"\n<p>In diesem Jahr haben 3 meiner Sch\u00fcler*innen beim Wettbewerb Jugend Musiziert teilgenommen in der Kategorie &#8222;Bass Solo &#8211; Pop&#8220;.<br>Erfreulicherweise haben alle mit hervorragenden Ergebnissen abgeschlossen.<br>Meine herzlichen Gl\u00fcckwunsche gehen an:<\/p>\n\n\n\n<ul class=\"wp-block-list\">\n<li><strong>Juliane R. <br> 1. Preis mit 23 Punkten<\/strong><br><strong> Regionalwettbewerb Rems-Murr<br><\/strong><br><\/li>\n\n\n\n<li><strong>Felix H. <br> 1. Preis mit 24 Punkten <\/strong><br><strong>Regionalwettbewerb Rems-Murr<\/strong><br><br><\/li>\n\n\n\n<li><strong>Tobias P.            <\/strong><br><strong>  1. Preis mit 24 Punkten <\/strong><br><strong>Bundeswettbewerb <\/strong><\/li>\n<\/ul>\n\n\n\n<p>Danke f\u00fcr die sch\u00f6ne und auch anstrengende Zeit der Vorbereitung, ihr wart <strong>SUPER!<\/strong><\/p>\n\n\n\n<p>Ein besonderer Dank geht an Tobias P. <br>Bundessieger zu werden, ist schon etwas besonderes. Aber die Performance war echt gro\u00dfes Kino!!<br>Hier gibts auch was auf youtube zu sehen und h\u00f6ren:<br><\/p>\n\n\n\n<figure class=\"wp-block-image size-full\"><a href=\"https:\/\/youtu.be\/_ac5Ceg7hOo?si=rAA9PAmPJYJRGGqA\" target=\"_blank\" rel=\"noreferrer noopener\"><img loading=\"lazy\" decoding=\"async\" width=\"801\" height=\"560\" src=\"http:\/\/thomasrotter.de\/wp-content\/uploads\/Bildschirmfoto-2024-09-26-um-22.28.04.png\" alt=\"\" class=\"wp-image-218\" srcset=\"http:\/\/thomasrotter.de\/wp-content\/uploads\/Bildschirmfoto-2024-09-26-um-22.28.04.png 801w, http:\/\/thomasrotter.de\/wp-content\/uploads\/Bildschirmfoto-2024-09-26-um-22.28.04-300x210.png 300w, http:\/\/thomasrotter.de\/wp-content\/uploads\/Bildschirmfoto-2024-09-26-um-22.28.04-768x537.png 768w\" sizes=\"auto, (max-width: 767px) 89vw, (max-width: 1000px) 54vw, (max-width: 1071px) 543px, 580px\" \/><\/a><\/figure>\n\n\n\n<p><br><br><\/p>\n","protected":false},"excerpt":{"rendered":"<p>In diesem Jahr haben 3 meiner Sch\u00fcler*innen beim Wettbewerb Jugend Musiziert teilgenommen in der Kategorie &#8222;Bass Solo &#8211; Pop&#8220;.Erfreulicherweise haben alle mit hervorragenden Ergebnissen abgeschlossen.Meine herzlichen Gl\u00fcckwunsche gehen an: Danke f\u00fcr die sch\u00f6ne und auch anstrengende Zeit der Vorbereitung, ihr wart SUPER! Ein besonderer Dank geht an Tobias P. Bundessieger zu werden, ist schon etwas &hellip; <\/p>\n<p class=\"link-more\"><a href=\"http:\/\/thomasrotter.de\/index.php\/2024\/09\/26\/jugend-musiziert-2024\/\" class=\"more-link\"><span class=\"screen-reader-text\">\u201eJugend musiziert 2024\u201c<\/span> weiterlesen<\/a><\/p>\n","protected":false},"author":1,"featured_media":0,"comment_status":"open","ping_status":"open","sticky":false,"template":"","format":"standard","meta":{"footnotes":""},"categories":[1],"tags":[49,7,51,50],"class_list":["post-216","post","type-post","status-publish","format-standard","hentry","category-allgemein","tag-bundessieger","tag-e-bassunterricht","tag-jugend-musiziert","tag-jumu"],"_links":{"self":[{"href":"http:\/\/thomasrotter.de\/index.php\/wp-json\/wp\/v2\/posts\/216","targetHints":{"allow":["GET"]}}],"collection":[{"href":"http:\/\/thomasrotter.de\/index.php\/wp-json\/wp\/v2\/posts"}],"about":[{"href":"http:\/\/thomasrotter.de\/index.php\/wp-json\/wp\/v2\/types\/post"}],"author":[{"embeddable":true,"href":"http:\/\/thomasrotter.de\/index.php\/wp-json\/wp\/v2\/users\/1"}],"replies":[{"embeddable":true,"href":"http:\/\/thomasrotter.de\/index.php\/wp-json\/wp\/v2\/comments?post=216"}],"version-history":[{"count":10,"href":"http:\/\/thomasrotter.de\/index.php\/wp-json\/wp\/v2\/posts\/216\/revisions"}],"predecessor-version":[{"id":239,"href":"http:\/\/thomasrotter.de\/index.php\/wp-json\/wp\/v2\/posts\/216\/revisions\/239"}],"wp:attachment":[{"href":"http:\/\/thomasrotter.de\/index.php\/wp-json\/wp\/v2\/media?parent=216"}],"wp:term":[{"taxonomy":"category","embeddable":true,"href":"http:\/\/thomasrotter.de\/index.php\/wp-json\/wp\/v2\/categories?post=216"},{"taxonomy":"post_tag","embeddable":true,"href":"http:\/\/thomasrotter.de\/index.php\/wp-json\/wp\/v2\/tags?post=216"}],"curies":[{"name":"wp","href":"https:\/\/api.w.org\/{rel}","templated":true}]}}