{"id":241,"date":"2024-09-28T20:36:40","date_gmt":"2024-09-28T18:36:40","guid":{"rendered":"http:\/\/thomasrotter.de\/?p=241"},"modified":"2024-09-28T20:36:41","modified_gmt":"2024-09-28T18:36:41","slug":"save-the-date","status":"publish","type":"post","link":"http:\/\/thomasrotter.de\/index.php\/2024\/09\/28\/save-the-date\/","title":{"rendered":"Save the date!"},"content":{"rendered":"\n<p>Am 08.02.2025 gebe ich einen Workshop in \u00d6hringen.<br>N\u00e4heres erfahrt ihr <strong><a href=\"https:\/\/www.ejw-bildung.de\/veranstaltung\/177178-pop-seminartag-in-ohringen\/\">hier<\/a><\/strong><\/p>\n\n\n\n<p><strong>Bass \u2022 Ein gutes Fundament legen<\/strong><br>Der E-Bass sorgt f\u00fcr ein stabiles harmonisches Ger\u00fcst und \u2013 gemeinsam mit dem Schlagzeug \u2013 f\u00fcr den richtigen Groove. Er ist eigentlich unverzichtbar! In diesem Workshop lernt ihr grundlegende Techniken, Spielpattern und Rhythmen, das Zusammenspiel mit anderen Bandinstrumenten und das Umsetzen von Akkordsymbolen in groovige Linien auf dem Bass. Der Tag ist auch f\u00fcr Gitarristen geeignet, die sich gerne mal auf dem Bass ausprobieren m\u00f6chten. Bitte E-Bass und Verst\u00e4rker mitbringen<\/p>\n\n\n\n<figure class=\"wp-block-image size-full\"><a href=\"https:\/\/www.ejw-bildung.de\/veranstaltung\/177178-pop-seminartag-in-ohringen\/\" target=\"_blank\" rel=\"noreferrer noopener\"><img loading=\"lazy\" decoding=\"async\" width=\"881\" height=\"386\" src=\"http:\/\/thomasrotter.de\/wp-content\/uploads\/Bildschirmfoto-2024-09-28-um-20.27.00.png\" alt=\"\" class=\"wp-image-240\" srcset=\"http:\/\/thomasrotter.de\/wp-content\/uploads\/Bildschirmfoto-2024-09-28-um-20.27.00.png 881w, http:\/\/thomasrotter.de\/wp-content\/uploads\/Bildschirmfoto-2024-09-28-um-20.27.00-300x131.png 300w, http:\/\/thomasrotter.de\/wp-content\/uploads\/Bildschirmfoto-2024-09-28-um-20.27.00-768x336.png 768w\" sizes=\"auto, (max-width: 767px) 89vw, (max-width: 1000px) 54vw, (max-width: 1071px) 543px, 580px\" \/><\/a><\/figure>\n","protected":false},"excerpt":{"rendered":"<p>Am 08.02.2025 gebe ich einen Workshop in \u00d6hringen.N\u00e4heres erfahrt ihr hier Bass \u2022 Ein gutes Fundament legenDer E-Bass sorgt f\u00fcr ein stabiles harmonisches Ger\u00fcst und \u2013 gemeinsam mit dem Schlagzeug \u2013 f\u00fcr den richtigen Groove. Er ist eigentlich unverzichtbar! In diesem Workshop lernt ihr grundlegende Techniken, Spielpattern und Rhythmen, das Zusammenspiel mit anderen Bandinstrumenten und &hellip; <\/p>\n<p class=\"link-more\"><a href=\"http:\/\/thomasrotter.de\/index.php\/2024\/09\/28\/save-the-date\/\" class=\"more-link\"><span class=\"screen-reader-text\">\u201eSave the date!\u201c<\/span> weiterlesen<\/a><\/p>\n","protected":false},"author":1,"featured_media":0,"comment_status":"open","ping_status":"open","sticky":false,"template":"","format":"standard","meta":{"footnotes":""},"categories":[1,52],"tags":[],"class_list":["post-241","post","type-post","status-publish","format-standard","hentry","category-allgemein","category-workshops"],"_links":{"self":[{"href":"http:\/\/thomasrotter.de\/index.php\/wp-json\/wp\/v2\/posts\/241","targetHints":{"allow":["GET"]}}],"collection":[{"href":"http:\/\/thomasrotter.de\/index.php\/wp-json\/wp\/v2\/posts"}],"about":[{"href":"http:\/\/thomasrotter.de\/index.php\/wp-json\/wp\/v2\/types\/post"}],"author":[{"embeddable":true,"href":"http:\/\/thomasrotter.de\/index.php\/wp-json\/wp\/v2\/users\/1"}],"replies":[{"embeddable":true,"href":"http:\/\/thomasrotter.de\/index.php\/wp-json\/wp\/v2\/comments?post=241"}],"version-history":[{"count":1,"href":"http:\/\/thomasrotter.de\/index.php\/wp-json\/wp\/v2\/posts\/241\/revisions"}],"predecessor-version":[{"id":242,"href":"http:\/\/thomasrotter.de\/index.php\/wp-json\/wp\/v2\/posts\/241\/revisions\/242"}],"wp:attachment":[{"href":"http:\/\/thomasrotter.de\/index.php\/wp-json\/wp\/v2\/media?parent=241"}],"wp:term":[{"taxonomy":"category","embeddable":true,"href":"http:\/\/thomasrotter.de\/index.php\/wp-json\/wp\/v2\/categories?post=241"},{"taxonomy":"post_tag","embeddable":true,"href":"http:\/\/thomasrotter.de\/index.php\/wp-json\/wp\/v2\/tags?post=241"}],"curies":[{"name":"wp","href":"https:\/\/api.w.org\/{rel}","templated":true}]}}