{"id":97,"date":"2018-10-03T00:25:46","date_gmt":"2018-10-02T22:25:46","guid":{"rendered":"http:\/\/thomasrotter.de\/?p=97"},"modified":"2018-10-03T00:27:15","modified_gmt":"2018-10-02T22:27:15","slug":"presse-zum-konzert-in-ummendorf","status":"publish","type":"post","link":"http:\/\/thomasrotter.de\/index.php\/2018\/10\/03\/presse-zum-konzert-in-ummendorf\/","title":{"rendered":"Presse zum Konzert in Ummendorf"},"content":{"rendered":"<h1 class=\"hyphenate\">Bekanntes klingt pl\u00f6tzlich v\u00f6llig neu<\/h1>\n<p><img decoding=\"async\" src=\"https:\/\/www.schwaebische.de\/cms_media\/module_img\/10701\/5350770_1_detailtablet_B996438196Z.1_20180930144101_000_GVT54OAR8.2-0.jpg\" \/><\/p>\n<p><em>Das Trio Arsis er\u00f6ffnete die kulturelle Herbstsaison im Schloss Ummendorf: (v. l.) Ull M\u00f6ck, Thomas Rotter und Hans Fickelscher. <span class=\"image_author\">(Foto: Judith Ezerex)<\/span><\/em><\/p>\n<p>&#8222;Klassische Musik, virtuos verjazzt von drei Musikern, denen die Freude an der Musik, an Rhythmus und Improvisation aus allen Poren zu dringen scheint, f\u00fcllte den Konzertraum im Ummendorfer Schloss. Das Trio Arsis bot den Musikliebhabern am Samstagabend einen Ohrenschmaus.&#8220;<\/p>\n<p><a href=\"https:\/\/www.schwaebische.de\/landkreis\/landkreis-biberach\/ummendorf_artikel,-bekanntes-klingt-pl%C3%B6tzlich-v%C3%B6llig-neu-_arid,10940898.html\">Den ganzen Artikel lesen<\/a><\/p>\n<p>&nbsp;<\/p>\n","protected":false},"excerpt":{"rendered":"<p>Bekanntes klingt pl\u00f6tzlich v\u00f6llig neu Das Trio Arsis er\u00f6ffnete die kulturelle Herbstsaison im Schloss Ummendorf: (v. l.) Ull M\u00f6ck, Thomas Rotter und Hans Fickelscher. (Foto: Judith Ezerex) &#8222;Klassische Musik, virtuos verjazzt von drei Musikern, denen die Freude an der Musik, an Rhythmus und Improvisation aus allen Poren zu dringen scheint, f\u00fcllte den Konzertraum im Ummendorfer &hellip; <\/p>\n<p class=\"link-more\"><a href=\"http:\/\/thomasrotter.de\/index.php\/2018\/10\/03\/presse-zum-konzert-in-ummendorf\/\" class=\"more-link\"><span class=\"screen-reader-text\">\u201ePresse zum Konzert in Ummendorf\u201c<\/span> weiterlesen<\/a><\/p>\n","protected":false},"author":1,"featured_media":0,"comment_status":"open","ping_status":"open","sticky":false,"template":"","format":"link","meta":{"footnotes":""},"categories":[1],"tags":[13,20,15,10,14,19],"class_list":["post-97","post","type-post","status-publish","format-link","hentry","category-allgemein","tag-hans-fickelscher","tag-konzertkritik","tag-thomas-rotter","tag-trio-arsis","tag-ull-moeck","tag-ummendorfer-schlosskonzerte","post_format-post-format-link"],"_links":{"self":[{"href":"http:\/\/thomasrotter.de\/index.php\/wp-json\/wp\/v2\/posts\/97","targetHints":{"allow":["GET"]}}],"collection":[{"href":"http:\/\/thomasrotter.de\/index.php\/wp-json\/wp\/v2\/posts"}],"about":[{"href":"http:\/\/thomasrotter.de\/index.php\/wp-json\/wp\/v2\/types\/post"}],"author":[{"embeddable":true,"href":"http:\/\/thomasrotter.de\/index.php\/wp-json\/wp\/v2\/users\/1"}],"replies":[{"embeddable":true,"href":"http:\/\/thomasrotter.de\/index.php\/wp-json\/wp\/v2\/comments?post=97"}],"version-history":[{"count":4,"href":"http:\/\/thomasrotter.de\/index.php\/wp-json\/wp\/v2\/posts\/97\/revisions"}],"predecessor-version":[{"id":108,"href":"http:\/\/thomasrotter.de\/index.php\/wp-json\/wp\/v2\/posts\/97\/revisions\/108"}],"wp:attachment":[{"href":"http:\/\/thomasrotter.de\/index.php\/wp-json\/wp\/v2\/media?parent=97"}],"wp:term":[{"taxonomy":"category","embeddable":true,"href":"http:\/\/thomasrotter.de\/index.php\/wp-json\/wp\/v2\/categories?post=97"},{"taxonomy":"post_tag","embeddable":true,"href":"http:\/\/thomasrotter.de\/index.php\/wp-json\/wp\/v2\/tags?post=97"}],"curies":[{"name":"wp","href":"https:\/\/api.w.org\/{rel}","templated":true}]}}